{"id":1688,"date":"2019-09-01T19:36:40","date_gmt":"2019-09-01T18:36:40","guid":{"rendered":"http:\/\/www.radsportunion.at\/?p=1688"},"modified":"2019-09-12T19:36:57","modified_gmt":"2019-09-12T18:36:57","slug":"ich-habe-einen-traum","status":"publish","type":"post","link":"https:\/\/www.radsportunion.at\/?p=1688","title":{"rendered":"Ich habe einen Traum&#8230;"},"content":{"rendered":"\n<p>Mit diesem Slogan wird der \u00d6tztaler Radmarathon beworben.\u00a0<br>Aber wirklich viel Werbung braucht es nicht um das wahrscheinlich bekannteste und auch schwierigste Radrennen von \u00d6sterreich zu bewerben.\u00a0<br>Vermutlich kennt schon jeder Radsportfan die Eckdaten von dieser Challenge.\u00a0<br>238km mit 5.500 H\u00f6henmetern. Eine weitere nicht zu vernachl\u00e4ssigende Zahl ist die 15.000. Dies ist die Anzahl derer die sich jedes Jahr f\u00fcr dieses Rennen anmelden und bei einem limitierten Starterfeld von \u201enur\u201c 4000 Teilnehmern ist es dann auch schon mal schnell ausgetr\u00e4umt.\u00a0<br>Franz und Hofi haben diese H\u00fcrde \u00fcbersprungen und einen Fixplatz inklusive \u00dcbernachtung in S\u00f6lden gebucht. Kostet zwar aber daf\u00fcr ist der Start sicher.\u00a0Und der Traum ging in Erf\u00fcllung. Lange Vorbereitung, hartes Training, tausende H\u00f6henmeter in der Heimat abgespult, Material gecheckt und nach vielen Hochs und einigen Tiefs am 01. September am Start gestanden.\u00a0Und zugegeben habe ich mich nach den Anspannungen von den letzten Wochen wirklich erleichtert gef\u00fchlt. Alles passt, ich bin fit, Wetter stimmt, alles gut.<br>Ach so,\u2026\u2026\u2026\u2026.. 238km und 5.500Hm waren da noch. \ud83d\ude42<br>Da es unser erster Start war galt finishen als zu erreichendes Ziel im Vordergrund.\u00a0Wir sind die Sache mal locker angegangen und dachten eigentlich dass dies der optimale Plan w\u00e4re. Falsch gedacht, die Durchfahrtszeiten sind sehr eng angesetzt. Jaufenpass konnten wir einige Minuten vor der Sperre durchfahren.\u00a0Danach Tempo wieder etwas erh\u00f6ht und gemeinsam das Ziel in S\u00f6lden erreicht.\u00a0<br>Der \u00d6tztaler ist aber auch eine super und straff organisierte Veranstaltung. Es sind alle Stra\u00dfen gesperrt, K\u00fchtai, Brenner, Jaufenpass, Timmelsjoch sind komplett Autofrei. Und auf den Labestationen tummeln sich im Schnitt immer so um die 300 Radfahrer die alle Essen und Trinken wollen. Auch dies muss mal organisiert und logistisch umgesetzt werden.\u00a0<\/p>\n\n\n\n<p>2020??? Bis jetzt noch nicht aber je mehr man dr\u00fcber nachdenkt umso mehr juckt es in der Wade.\u00a0Eigentlich muss schon, oder?<br>Daheim Abschluss wie immer, Radservice und Bier.\u00a0\ud83d\ude42<\/p>\n\n\n\n<ul class=\"wp-block-gallery columns-3 is-cropped wp-block-gallery-1 is-layout-flex wp-block-gallery-is-layout-flex\"><li class=\"blocks-gallery-item\"><figure><a href=\"http:\/\/www.radsportunion.at\/wp-content\/5338_20190830_155221_177843794_original-1024x682.jpg\"><img loading=\"lazy\" decoding=\"async\" width=\"1024\" height=\"682\" src=\"http:\/\/www.radsportunion.at\/wp-content\/5338_20190830_155221_177843794_original-1024x682.jpg\" alt=\"\" data-id=\"1690\" data-link=\"http:\/\/www.radsportunion.at\/?attachment_id=1690\" class=\"wp-image-1690\" srcset=\"https:\/\/www.radsportunion.at\/wp-content\/5338_20190830_155221_177843794_original.jpg 1024w, https:\/\/www.radsportunion.at\/wp-content\/5338_20190830_155221_177843794_original-600x400.jpg 600w, https:\/\/www.radsportunion.at\/wp-content\/5338_20190830_155221_177843794_original-768x512.jpg 768w\" sizes=\"auto, (max-width: 1024px) 100vw, 1024px\" \/><\/a><\/figure><\/li><li class=\"blocks-gallery-item\"><figure><a href=\"http:\/\/www.radsportunion.at\/wp-content\/5338_20190831_151038_177665770_original-1024x682.jpg\"><img loading=\"lazy\" decoding=\"async\" width=\"1024\" height=\"682\" src=\"http:\/\/www.radsportunion.at\/wp-content\/5338_20190831_151038_177665770_original-1024x682.jpg\" alt=\"\" data-id=\"1691\" data-link=\"http:\/\/www.radsportunion.at\/?attachment_id=1691\" class=\"wp-image-1691\" srcset=\"https:\/\/www.radsportunion.at\/wp-content\/5338_20190831_151038_177665770_original.jpg 1024w, https:\/\/www.radsportunion.at\/wp-content\/5338_20190831_151038_177665770_original-600x400.jpg 600w, https:\/\/www.radsportunion.at\/wp-content\/5338_20190831_151038_177665770_original-768x512.jpg 768w\" sizes=\"auto, (max-width: 1024px) 100vw, 1024px\" \/><\/a><\/figure><\/li><li class=\"blocks-gallery-item\"><figure><a href=\"http:\/\/www.radsportunion.at\/wp-content\/5338_20190831_151237_177820206_original-1024x682.jpg\"><img loading=\"lazy\" decoding=\"async\" width=\"1024\" height=\"682\" src=\"http:\/\/www.radsportunion.at\/wp-content\/5338_20190831_151237_177820206_original-1024x682.jpg\" alt=\"\" data-id=\"1692\" data-link=\"http:\/\/www.radsportunion.at\/?attachment_id=1692\" class=\"wp-image-1692\" srcset=\"https:\/\/www.radsportunion.at\/wp-content\/5338_20190831_151237_177820206_original.jpg 1024w, https:\/\/www.radsportunion.at\/wp-content\/5338_20190831_151237_177820206_original-600x400.jpg 600w, https:\/\/www.radsportunion.at\/wp-content\/5338_20190831_151237_177820206_original-768x512.jpg 768w\" sizes=\"auto, (max-width: 1024px) 100vw, 1024px\" \/><\/a><\/figure><\/li><li class=\"blocks-gallery-item\"><figure><a href=\"http:\/\/www.radsportunion.at\/wp-content\/5338_20190901_062219_177802383_original-1024x682.jpg\"><img loading=\"lazy\" decoding=\"async\" width=\"1024\" height=\"682\" src=\"http:\/\/www.radsportunion.at\/wp-content\/5338_20190901_062219_177802383_original-1024x682.jpg\" alt=\"\" data-id=\"1693\" data-link=\"http:\/\/www.radsportunion.at\/?attachment_id=1693\" class=\"wp-image-1693\" srcset=\"https:\/\/www.radsportunion.at\/wp-content\/5338_20190901_062219_177802383_original.jpg 1024w, https:\/\/www.radsportunion.at\/wp-content\/5338_20190901_062219_177802383_original-600x400.jpg 600w, https:\/\/www.radsportunion.at\/wp-content\/5338_20190901_062219_177802383_original-768x512.jpg 768w\" sizes=\"auto, (max-width: 1024px) 100vw, 1024px\" \/><\/a><\/figure><\/li><li class=\"blocks-gallery-item\"><figure><a href=\"http:\/\/www.radsportunion.at\/wp-content\/5338_20190901_091405_177721863_original-1024x681.jpg\"><img loading=\"lazy\" decoding=\"async\" width=\"1024\" height=\"681\" src=\"http:\/\/www.radsportunion.at\/wp-content\/5338_20190901_091405_177721863_original-1024x681.jpg\" alt=\"\" data-id=\"1694\" data-link=\"http:\/\/www.radsportunion.at\/?attachment_id=1694\" class=\"wp-image-1694\" srcset=\"https:\/\/www.radsportunion.at\/wp-content\/5338_20190901_091405_177721863_original.jpg 1024w, https:\/\/www.radsportunion.at\/wp-content\/5338_20190901_091405_177721863_original-600x399.jpg 600w, https:\/\/www.radsportunion.at\/wp-content\/5338_20190901_091405_177721863_original-768x511.jpg 768w\" sizes=\"auto, (max-width: 1024px) 100vw, 1024px\" \/><\/a><\/figure><\/li><li class=\"blocks-gallery-item\"><figure><a href=\"http:\/\/www.radsportunion.at\/wp-content\/5338_20190901_093503_177643322_original-1024x767.jpg\"><img loading=\"lazy\" decoding=\"async\" width=\"1024\" height=\"767\" src=\"http:\/\/www.radsportunion.at\/wp-content\/5338_20190901_093503_177643322_original-1024x767.jpg\" alt=\"\" data-id=\"1695\" data-link=\"http:\/\/www.radsportunion.at\/?attachment_id=1695\" class=\"wp-image-1695\" srcset=\"https:\/\/www.radsportunion.at\/wp-content\/5338_20190901_093503_177643322_original.jpg 1024w, https:\/\/www.radsportunion.at\/wp-content\/5338_20190901_093503_177643322_original-600x449.jpg 600w, https:\/\/www.radsportunion.at\/wp-content\/5338_20190901_093503_177643322_original-768x575.jpg 768w\" sizes=\"auto, (max-width: 1024px) 100vw, 1024px\" \/><\/a><\/figure><\/li><li class=\"blocks-gallery-item\"><figure><a href=\"http:\/\/www.radsportunion.at\/wp-content\/5338_20190901_173603_177821121_original-1024x681.jpg\"><img loading=\"lazy\" decoding=\"async\" width=\"1024\" height=\"681\" src=\"http:\/\/www.radsportunion.at\/wp-content\/5338_20190901_173603_177821121_original-1024x681.jpg\" alt=\"\" data-id=\"1696\" data-link=\"http:\/\/www.radsportunion.at\/?attachment_id=1696\" class=\"wp-image-1696\" srcset=\"https:\/\/www.radsportunion.at\/wp-content\/5338_20190901_173603_177821121_original.jpg 1024w, https:\/\/www.radsportunion.at\/wp-content\/5338_20190901_173603_177821121_original-600x399.jpg 600w, https:\/\/www.radsportunion.at\/wp-content\/5338_20190901_173603_177821121_original-768x511.jpg 768w\" sizes=\"auto, (max-width: 1024px) 100vw, 1024px\" \/><\/a><\/figure><\/li><li class=\"blocks-gallery-item\"><figure><a href=\"http:\/\/www.radsportunion.at\/wp-content\/5338_20190901_183126_177860905_original-1024x681.jpg\"><img loading=\"lazy\" decoding=\"async\" width=\"1024\" height=\"681\" src=\"http:\/\/www.radsportunion.at\/wp-content\/5338_20190901_183126_177860905_original-1024x681.jpg\" alt=\"\" data-id=\"1698\" data-link=\"http:\/\/www.radsportunion.at\/?attachment_id=1698\" class=\"wp-image-1698\" srcset=\"https:\/\/www.radsportunion.at\/wp-content\/5338_20190901_183126_177860905_original.jpg 1024w, https:\/\/www.radsportunion.at\/wp-content\/5338_20190901_183126_177860905_original-600x399.jpg 600w, https:\/\/www.radsportunion.at\/wp-content\/5338_20190901_183126_177860905_original-768x511.jpg 768w\" sizes=\"auto, (max-width: 1024px) 100vw, 1024px\" \/><\/a><\/figure><\/li><li class=\"blocks-gallery-item\"><figure><a href=\"http:\/\/www.radsportunion.at\/wp-content\/5338_20190901_181930_177836881_original-1024x682.jpg\"><img loading=\"lazy\" decoding=\"async\" width=\"1024\" height=\"682\" src=\"http:\/\/www.radsportunion.at\/wp-content\/5338_20190901_181930_177836881_original-1024x682.jpg\" alt=\"\" data-id=\"1697\" data-link=\"http:\/\/www.radsportunion.at\/?attachment_id=1697\" class=\"wp-image-1697\" srcset=\"https:\/\/www.radsportunion.at\/wp-content\/5338_20190901_181930_177836881_original.jpg 1024w, https:\/\/www.radsportunion.at\/wp-content\/5338_20190901_181930_177836881_original-600x400.jpg 600w, https:\/\/www.radsportunion.at\/wp-content\/5338_20190901_181930_177836881_original-768x512.jpg 768w\" sizes=\"auto, (max-width: 1024px) 100vw, 1024px\" \/><\/a><\/figure><\/li><li class=\"blocks-gallery-item\"><figure><a href=\"http:\/\/www.radsportunion.at\/wp-content\/5338_20190901_190517_177853687_original-1024x682.jpg\"><img loading=\"lazy\" decoding=\"async\" width=\"1024\" height=\"682\" src=\"http:\/\/www.radsportunion.at\/wp-content\/5338_20190901_190517_177853687_original-1024x682.jpg\" alt=\"\" data-id=\"1699\" data-link=\"http:\/\/www.radsportunion.at\/?attachment_id=1699\" class=\"wp-image-1699\" srcset=\"https:\/\/www.radsportunion.at\/wp-content\/5338_20190901_190517_177853687_original.jpg 1024w, https:\/\/www.radsportunion.at\/wp-content\/5338_20190901_190517_177853687_original-600x400.jpg 600w, https:\/\/www.radsportunion.at\/wp-content\/5338_20190901_190517_177853687_original-768x512.jpg 768w\" sizes=\"auto, (max-width: 1024px) 100vw, 1024px\" \/><\/a><\/figure><\/li><\/ul>\n","protected":false},"excerpt":{"rendered":"<p>Mit diesem Slogan wird der \u00d6tztaler Radmarathon beworben.\u00a0Aber wirklich viel Werbung braucht es nicht um das wahrscheinlich bekannteste und auch schwierigste Radrennen von \u00d6sterreich zu bewerben.\u00a0Vermutlich kennt schon jeder Radsportfan die Eckdaten von dieser Challenge.\u00a0238km mit 5.500 H\u00f6henmetern. Eine weitere nicht zu vernachl\u00e4ssigende Zahl ist die 15.000. Dies ist die Anzahl derer die sich jedes [&hellip;]<\/p>\n","protected":false},"author":1,"featured_media":1699,"comment_status":"closed","ping_status":"open","sticky":false,"template":"","format":"standard","meta":{"footnotes":""},"categories":[4,5],"tags":[],"class_list":["post-1688","post","type-post","status-publish","format-standard","has-post-thumbnail","hentry","category-verein","category-wettkaempfe"],"_links":{"self":[{"href":"https:\/\/www.radsportunion.at\/index.php?rest_route=\/wp\/v2\/posts\/1688","targetHints":{"allow":["GET"]}}],"collection":[{"href":"https:\/\/www.radsportunion.at\/index.php?rest_route=\/wp\/v2\/posts"}],"about":[{"href":"https:\/\/www.radsportunion.at\/index.php?rest_route=\/wp\/v2\/types\/post"}],"author":[{"embeddable":true,"href":"https:\/\/www.radsportunion.at\/index.php?rest_route=\/wp\/v2\/users\/1"}],"replies":[{"embeddable":true,"href":"https:\/\/www.radsportunion.at\/index.php?rest_route=%2Fwp%2Fv2%2Fcomments&post=1688"}],"version-history":[{"count":2,"href":"https:\/\/www.radsportunion.at\/index.php?rest_route=\/wp\/v2\/posts\/1688\/revisions"}],"predecessor-version":[{"id":1700,"href":"https:\/\/www.radsportunion.at\/index.php?rest_route=\/wp\/v2\/posts\/1688\/revisions\/1700"}],"wp:featuredmedia":[{"embeddable":true,"href":"https:\/\/www.radsportunion.at\/index.php?rest_route=\/wp\/v2\/media\/1699"}],"wp:attachment":[{"href":"https:\/\/www.radsportunion.at\/index.php?rest_route=%2Fwp%2Fv2%2Fmedia&parent=1688"}],"wp:term":[{"taxonomy":"category","embeddable":true,"href":"https:\/\/www.radsportunion.at\/index.php?rest_route=%2Fwp%2Fv2%2Fcategories&post=1688"},{"taxonomy":"post_tag","embeddable":true,"href":"https:\/\/www.radsportunion.at\/index.php?rest_route=%2Fwp%2Fv2%2Ftags&post=1688"}],"curies":[{"name":"wp","href":"https:\/\/api.w.org\/{rel}","templated":true}]}}