{"id":2082,"date":"2019-12-06T21:28:43","date_gmt":"2019-12-06T20:28:43","guid":{"rendered":"http:\/\/www.radsportunion.at\/?p=2082"},"modified":"2019-12-06T21:28:46","modified_gmt":"2019-12-06T20:28:46","slug":"radsportunion-kids-saisonabschluss","status":"publish","type":"post","link":"https:\/\/www.radsportunion.at\/?p=2082","title":{"rendered":"RadsportUNION.KIDS &#8211; Saisonabschluss"},"content":{"rendered":"\n<p>Zum Abschluss der Herbst\/Winter Saison laden wir zum \u201ePunschtrinken mit Keksen\u201c am 18.12. zum Trainingsareal der Sportmittelschule St. P\u00f6lten.<\/p>\n\n\n\n<p>Dann machen wir Trainingspause bis zum 4. M\u00e4rz und kommen gest\u00e4rkt aus dem \u201eWinterschlaf\u201c zur\u00fcck.<\/p>\n\n\n\n<p style=\"text-align:right\"><em>Johannes und Michael<\/em><\/p>\n","protected":false},"excerpt":{"rendered":"<p>Zum Abschluss der Herbst\/Winter Saison laden wir zum \u201ePunschtrinken mit Keksen\u201c am 18.12. zum Trainingsareal der Sportmittelschule St. P\u00f6lten. Dann machen wir Trainingspause bis zum 4. M\u00e4rz und kommen gest\u00e4rkt aus dem \u201eWinterschlaf\u201c zur\u00fcck. Johannes und Michael<\/p>\n","protected":false},"author":1,"featured_media":1846,"comment_status":"closed","ping_status":"open","sticky":false,"template":"","format":"standard","meta":{"footnotes":""},"categories":[4],"tags":[],"class_list":["post-2082","post","type-post","status-publish","format-standard","has-post-thumbnail","hentry","category-verein"],"_links":{"self":[{"href":"https:\/\/www.radsportunion.at\/index.php?rest_route=\/wp\/v2\/posts\/2082","targetHints":{"allow":["GET"]}}],"collection":[{"href":"https:\/\/www.radsportunion.at\/index.php?rest_route=\/wp\/v2\/posts"}],"about":[{"href":"https:\/\/www.radsportunion.at\/index.php?rest_route=\/wp\/v2\/types\/post"}],"author":[{"embeddable":true,"href":"https:\/\/www.radsportunion.at\/index.php?rest_route=\/wp\/v2\/users\/1"}],"replies":[{"embeddable":true,"href":"https:\/\/www.radsportunion.at\/index.php?rest_route=%2Fwp%2Fv2%2Fcomments&post=2082"}],"version-history":[{"count":1,"href":"https:\/\/www.radsportunion.at\/index.php?rest_route=\/wp\/v2\/posts\/2082\/revisions"}],"predecessor-version":[{"id":2083,"href":"https:\/\/www.radsportunion.at\/index.php?rest_route=\/wp\/v2\/posts\/2082\/revisions\/2083"}],"wp:featuredmedia":[{"embeddable":true,"href":"https:\/\/www.radsportunion.at\/index.php?rest_route=\/wp\/v2\/media\/1846"}],"wp:attachment":[{"href":"https:\/\/www.radsportunion.at\/index.php?rest_route=%2Fwp%2Fv2%2Fmedia&parent=2082"}],"wp:term":[{"taxonomy":"category","embeddable":true,"href":"https:\/\/www.radsportunion.at\/index.php?rest_route=%2Fwp%2Fv2%2Fcategories&post=2082"},{"taxonomy":"post_tag","embeddable":true,"href":"https:\/\/www.radsportunion.at\/index.php?rest_route=%2Fwp%2Fv2%2Ftags&post=2082"}],"curies":[{"name":"wp","href":"https:\/\/api.w.org\/{rel}","templated":true}]}}