{"id":2110,"date":"2019-12-15T21:13:23","date_gmt":"2019-12-15T20:13:23","guid":{"rendered":"http:\/\/www.radsportunion.at\/?p=2110"},"modified":"2022-05-04T21:12:55","modified_gmt":"2022-05-04T20:12:55","slug":"cx-9-quer-durchs-stadion","status":"publish","type":"post","link":"https:\/\/www.radsportunion.at\/?p=2110","title":{"rendered":"CX #9 \u2013 Quer durchs Stadion"},"content":{"rendered":"\n<p>Mittlerweile sind wir schon wieder in den letzten Atemz\u00fcgen der Crosssaison angekommen. Ohne dem Querfeldeinrennen \u201eQuer durchs Stadion Cross\u201c in Pernitz das diesen Samstag ausgetragen wurde gibt es jetzt nur noch zwei Rennen um sich auf die Staatsmeisterschaften am 12.01. vorzubereiten. Bei dem Nationalen Rennen in Pernitz gab es f\u00fcr uns drei wichtige Ereignisse. Zum einen das 40min\u00fctige Master Rennen bei dem J\u00fcrgen und Bert dabei waren. Danach das Elite\/U-23 Rennen bei dem Caspar am Start stand und anschlie\u00dfend noch die KidsBikeTrophy bei der ganze&nbsp;<strong>ZEHN<\/strong>&nbsp;Mitglieder der RadsportUNION zeigten was sie drauf hatten.&nbsp;<\/p>\n\n\n\n<p>J\u00fcrgen und Bert waren also als erstes an der Reihe den Kurs zu erforschen und schon beim Start hat ein konstanter Regen eingesetzt der den Boden der Strecke w\u00e4hrend des Rennens stark aufweichte.&nbsp;<br>Unter trockenen Bedingungen w\u00e4re der Kurs nicht allzu schwer gewesen aber mit dem Regen wurden aus einfachen Schr\u00e4gfahrten gef\u00e4hrliche Streckenabschnitte und auch einfache S-Kurven im Flachen mussten relativ langsam befahren werden. Diese richtigen Crossbedingungen haben J\u00fcrgen perfekt in die Karten gespielt und er konnte seine technischen Fertigkeiten perfekt ausspielen. Schon nach der ersten Runde hatte er gute zehn Sekunden Vorsprung. Zur Mitte des Rennens konnte dann der U17-Fahrer Jakob Purtscheller aufschlie\u00dfen und eine Runde mit J\u00fcrgen mitfahren. Die schwierige Rampe und die zwei darauffolgenden Serpentinen im Bereich der Kantine waren dann aber die Schl\u00fcsselstelle des Rennens bei der J\u00fcrgen einen Fehler seines Konkurrenten perfekt ausn\u00fctzte und eine 20 Meter gro\u00dfe L\u00fccke aufriss. Diese konnte er bis zum Ende noch verf\u00fcnffachen und \u00fcberquerte als erster die Ziellinie. Mit dieser ausgezeichneten Leistungsschau von ihm sind wir schon gespannt auf den 12. J\u00e4nner. Bert verlor nach einem guten Start leider den Anschluss auf eine Gruppe konnte aber auf den technischen Stellen wieder Zeit gutmachen und beendete das Rennen auf dem runden 20. Platz.<\/p>\n\n\n\n<p>Kurz darauf begann dann des Elite\/U-23 Rennen mit Caspar am Start. Der Regen hat zwar mittlerweile aufgeh\u00f6rt aber der Kurs ist w\u00e4hrend dem Master Rennen richtig aufgerissen und nochmal ordentlich matschiger und rutschiger geworden. Caspar hatte M\u00fche mit diesen f\u00fcr ihn ungewohnt, schwierigen technischen Bedingungen zurecht zu kommen und musste viele Fehler einstecken. Trotzdem konnte er noch auf dem 15. Platz im Mittelfeld \u00fcber die Ziellinie fahren.&nbsp;<\/p>\n\n\n\n<p>Anschlie\u00dfend wurde noch drei Rennen der KidsBikeTrophy ausgetragen. Bei dem viele neue Mitglieder von uns ihr K\u00f6nnen zum Besten gaben. Sebastian, Klara, Alexander, Timo, Manuel, Michale, Marlene, Martin, Johannes und Simon um genau zu sein zeigten was sie in den letzten Monaten bei dem W\u00f6chentlichen Training unter der Pfeife von unserem Sportlichen Leiter Michael Hayden und seinem Stellvertreter Johannes H\u00f6rschl\u00e4ger gelernt hatten.<br>Das war die letzte Crossveranstalltung 2019 und wir freuen uns auf den 06.01. bei dem dann wir an der Reihe sein werden unser Rennen auszutragen. Wir freuen uns auf viele Teilnehmer und w\u00fcnschen bis dahin allen sch\u00f6ne Feiertage und einen guten Rutsch.&nbsp;<\/p>\n\n\n\n<ul class=\"wp-block-gallery columns-3 is-cropped wp-block-gallery-1 is-layout-flex wp-block-gallery-is-layout-flex\"><li class=\"blocks-gallery-item\"><figure><a href=\"http:\/\/www.radsportunion.at\/wp-content\/2019-12-20-09.12.41-1024x682.jpg\"><img loading=\"lazy\" decoding=\"async\" width=\"1024\" height=\"682\" src=\"http:\/\/www.radsportunion.at\/wp-content\/2019-12-20-09.12.41-1024x682.jpg\" alt=\"\" data-id=\"2117\" data-link=\"http:\/\/www.radsportunion.at\/?attachment_id=2117\" class=\"wp-image-2117\" srcset=\"https:\/\/www.radsportunion.at\/wp-content\/2019-12-20-09.12.41-1024x682.jpg 1024w, https:\/\/www.radsportunion.at\/wp-content\/2019-12-20-09.12.41-600x400.jpg 600w, https:\/\/www.radsportunion.at\/wp-content\/2019-12-20-09.12.41-768x512.jpg 768w, https:\/\/www.radsportunion.at\/wp-content\/2019-12-20-09.12.41.jpg 1280w\" sizes=\"auto, (max-width: 1024px) 100vw, 1024px\" \/><\/a><\/figure><\/li><li class=\"blocks-gallery-item\"><figure><a href=\"http:\/\/www.radsportunion.at\/wp-content\/2019-12-20-09.12.45-1024x682.jpg\"><img loading=\"lazy\" decoding=\"async\" width=\"1024\" height=\"682\" src=\"http:\/\/www.radsportunion.at\/wp-content\/2019-12-20-09.12.45-1024x682.jpg\" alt=\"\" data-id=\"2118\" data-link=\"http:\/\/www.radsportunion.at\/?attachment_id=2118\" class=\"wp-image-2118\" srcset=\"https:\/\/www.radsportunion.at\/wp-content\/2019-12-20-09.12.45-1024x682.jpg 1024w, https:\/\/www.radsportunion.at\/wp-content\/2019-12-20-09.12.45-600x400.jpg 600w, https:\/\/www.radsportunion.at\/wp-content\/2019-12-20-09.12.45-768x512.jpg 768w, https:\/\/www.radsportunion.at\/wp-content\/2019-12-20-09.12.45.jpg 1280w\" sizes=\"auto, (max-width: 1024px) 100vw, 1024px\" \/><\/a><\/figure><\/li><li class=\"blocks-gallery-item\"><figure><a href=\"http:\/\/www.radsportunion.at\/wp-content\/2019-12-20-09.12.50-1024x682.jpg\"><img loading=\"lazy\" decoding=\"async\" width=\"1024\" height=\"682\" src=\"http:\/\/www.radsportunion.at\/wp-content\/2019-12-20-09.12.50-1024x682.jpg\" alt=\"\" data-id=\"2119\" data-link=\"http:\/\/www.radsportunion.at\/?attachment_id=2119\" class=\"wp-image-2119\" srcset=\"https:\/\/www.radsportunion.at\/wp-content\/2019-12-20-09.12.50-1024x682.jpg 1024w, https:\/\/www.radsportunion.at\/wp-content\/2019-12-20-09.12.50-600x400.jpg 600w, https:\/\/www.radsportunion.at\/wp-content\/2019-12-20-09.12.50-768x512.jpg 768w, https:\/\/www.radsportunion.at\/wp-content\/2019-12-20-09.12.50.jpg 1280w\" sizes=\"auto, (max-width: 1024px) 100vw, 1024px\" \/><\/a><\/figure><\/li><li class=\"blocks-gallery-item\"><figure><a href=\"http:\/\/www.radsportunion.at\/wp-content\/2019-12-20-09.12.54-1024x682.jpg\"><img loading=\"lazy\" decoding=\"async\" width=\"1024\" height=\"682\" src=\"http:\/\/www.radsportunion.at\/wp-content\/2019-12-20-09.12.54-1024x682.jpg\" alt=\"\" data-id=\"2120\" data-link=\"http:\/\/www.radsportunion.at\/?attachment_id=2120\" class=\"wp-image-2120\" srcset=\"https:\/\/www.radsportunion.at\/wp-content\/2019-12-20-09.12.54-1024x682.jpg 1024w, https:\/\/www.radsportunion.at\/wp-content\/2019-12-20-09.12.54-600x400.jpg 600w, https:\/\/www.radsportunion.at\/wp-content\/2019-12-20-09.12.54-768x512.jpg 768w, https:\/\/www.radsportunion.at\/wp-content\/2019-12-20-09.12.54.jpg 1280w\" sizes=\"auto, (max-width: 1024px) 100vw, 1024px\" \/><\/a><\/figure><\/li><li class=\"blocks-gallery-item\"><figure><a href=\"http:\/\/www.radsportunion.at\/wp-content\/2019-12-20-09.12.36-1024x682.jpg\"><img loading=\"lazy\" decoding=\"async\" width=\"1024\" height=\"682\" src=\"http:\/\/www.radsportunion.at\/wp-content\/2019-12-20-09.12.36-1024x682.jpg\" alt=\"\" data-id=\"2116\" data-link=\"http:\/\/www.radsportunion.at\/?attachment_id=2116\" class=\"wp-image-2116\" srcset=\"https:\/\/www.radsportunion.at\/wp-content\/2019-12-20-09.12.36-1024x682.jpg 1024w, https:\/\/www.radsportunion.at\/wp-content\/2019-12-20-09.12.36-600x400.jpg 600w, https:\/\/www.radsportunion.at\/wp-content\/2019-12-20-09.12.36-768x512.jpg 768w, https:\/\/www.radsportunion.at\/wp-content\/2019-12-20-09.12.36.jpg 1280w\" sizes=\"auto, (max-width: 1024px) 100vw, 1024px\" \/><\/a><\/figure><\/li><li class=\"blocks-gallery-item\"><figure><a href=\"http:\/\/www.radsportunion.at\/wp-content\/2019-12-20-09.11.38-1024x682.jpg\"><img loading=\"lazy\" decoding=\"async\" width=\"1024\" height=\"682\" src=\"http:\/\/www.radsportunion.at\/wp-content\/2019-12-20-09.11.38-1024x682.jpg\" alt=\"\" data-id=\"2113\" data-link=\"http:\/\/www.radsportunion.at\/?attachment_id=2113\" class=\"wp-image-2113\" srcset=\"https:\/\/www.radsportunion.at\/wp-content\/2019-12-20-09.11.38-1024x682.jpg 1024w, https:\/\/www.radsportunion.at\/wp-content\/2019-12-20-09.11.38-600x400.jpg 600w, https:\/\/www.radsportunion.at\/wp-content\/2019-12-20-09.11.38-768x512.jpg 768w, https:\/\/www.radsportunion.at\/wp-content\/2019-12-20-09.11.38.jpg 1280w\" sizes=\"auto, (max-width: 1024px) 100vw, 1024px\" \/><\/a><\/figure><\/li><li class=\"blocks-gallery-item\"><figure><a href=\"http:\/\/www.radsportunion.at\/wp-content\/2019-12-20-09.12.20-1024x682.jpg\"><img loading=\"lazy\" decoding=\"async\" width=\"1024\" height=\"682\" src=\"http:\/\/www.radsportunion.at\/wp-content\/2019-12-20-09.12.20-1024x682.jpg\" alt=\"\" data-id=\"2114\" data-link=\"http:\/\/www.radsportunion.at\/?attachment_id=2114\" class=\"wp-image-2114\" srcset=\"https:\/\/www.radsportunion.at\/wp-content\/2019-12-20-09.12.20-1024x682.jpg 1024w, https:\/\/www.radsportunion.at\/wp-content\/2019-12-20-09.12.20-600x400.jpg 600w, https:\/\/www.radsportunion.at\/wp-content\/2019-12-20-09.12.20-768x512.jpg 768w, https:\/\/www.radsportunion.at\/wp-content\/2019-12-20-09.12.20.jpg 1280w\" sizes=\"auto, (max-width: 1024px) 100vw, 1024px\" \/><\/a><\/figure><\/li><li class=\"blocks-gallery-item\"><figure><a href=\"http:\/\/www.radsportunion.at\/wp-content\/2019-12-20-09.12.26-1024x682.jpg\"><img loading=\"lazy\" decoding=\"async\" width=\"1024\" height=\"682\" src=\"http:\/\/www.radsportunion.at\/wp-content\/2019-12-20-09.12.26-1024x682.jpg\" alt=\"\" data-id=\"2115\" data-link=\"http:\/\/www.radsportunion.at\/?attachment_id=2115\" class=\"wp-image-2115\" srcset=\"https:\/\/www.radsportunion.at\/wp-content\/2019-12-20-09.12.26-1024x682.jpg 1024w, https:\/\/www.radsportunion.at\/wp-content\/2019-12-20-09.12.26-600x400.jpg 600w, https:\/\/www.radsportunion.at\/wp-content\/2019-12-20-09.12.26-768x512.jpg 768w, https:\/\/www.radsportunion.at\/wp-content\/2019-12-20-09.12.26.jpg 1280w\" sizes=\"auto, (max-width: 1024px) 100vw, 1024px\" \/><\/a><\/figure><\/li><\/ul>\n\n\n\n<p>\u00bb <a rel=\"noreferrer noopener\" aria-label=\"Ergbenisse (\u00f6ffnet in neuem Tab)\" href=\"https:\/\/www.radsportverband.at\/images\/Ergebnisse\/2019\/1214Pernitz.pdf\" target=\"_blank\">Ergbenisse<\/a><br>\u00bb <a rel=\"noreferrer noopener\" aria-label=\"Bilder von Ernst Teubenbacher - Master, Junioren, Kinder (\u00f6ffnet in neuem Tab)\" href=\"https:\/\/photos.google.com\/share\/AF1QipM8_8NMn0mOykVOcApoITZkqPdbwWYXMOAY8pQmR45BUCy6YdzCYzRDKxCaiIbG3Q?key=algtaWJlVURzRE15MTNGb2lxTkhxSHZJa0NGRy1B\" target=\"_blank\">Bilder von Ernst Teubenbacher &#8211; Master, Junioren, Kinder<\/a><br>\u00bb <a href=\"https:\/\/photos.google.com\/share\/AF1QipN0hkwBY2D5486SvCmGTfxtivRVCxSDm033CmeZJRDszjmRZUFHFuNrYl2DinS_3Q?key=NnAxdEp6MzM3STZRLTFGSk1BZ24tc0stRWRfNHBR\" target=\"_blank\" rel=\"noreferrer noopener\" aria-label=\" (\u00f6ffnet in neuem Tab)\">Bilder von Ernst Teubenbacher &#8211; Elite, U23, Amateure<\/a><br><\/p>\n","protected":false},"excerpt":{"rendered":"<p>Mittlerweile sind wir schon wieder in den letzten Atemz\u00fcgen der Crosssaison angekommen. Ohne dem Querfeldeinrennen \u201eQuer durchs Stadion Cross\u201c in Pernitz das diesen Samstag ausgetragen wurde gibt es jetzt nur noch zwei Rennen um sich auf die Staatsmeisterschaften am 12.01. vorzubereiten. Bei dem Nationalen Rennen in Pernitz gab es f\u00fcr uns drei wichtige Ereignisse. Zum [&hellip;]<\/p>\n","protected":false},"author":1,"featured_media":2113,"comment_status":"closed","ping_status":"open","sticky":false,"template":"","format":"standard","meta":{"footnotes":""},"categories":[18,17,5],"tags":[],"class_list":["post-2110","post","type-post","status-publish","format-standard","has-post-thumbnail","hentry","category-cyclocross-wettkaempfe","category-kinder","category-wettkaempfe"],"_links":{"self":[{"href":"https:\/\/www.radsportunion.at\/index.php?rest_route=\/wp\/v2\/posts\/2110","targetHints":{"allow":["GET"]}}],"collection":[{"href":"https:\/\/www.radsportunion.at\/index.php?rest_route=\/wp\/v2\/posts"}],"about":[{"href":"https:\/\/www.radsportunion.at\/index.php?rest_route=\/wp\/v2\/types\/post"}],"author":[{"embeddable":true,"href":"https:\/\/www.radsportunion.at\/index.php?rest_route=\/wp\/v2\/users\/1"}],"replies":[{"embeddable":true,"href":"https:\/\/www.radsportunion.at\/index.php?rest_route=%2Fwp%2Fv2%2Fcomments&post=2110"}],"version-history":[{"count":6,"href":"https:\/\/www.radsportunion.at\/index.php?rest_route=\/wp\/v2\/posts\/2110\/revisions"}],"predecessor-version":[{"id":2124,"href":"https:\/\/www.radsportunion.at\/index.php?rest_route=\/wp\/v2\/posts\/2110\/revisions\/2124"}],"wp:featuredmedia":[{"embeddable":true,"href":"https:\/\/www.radsportunion.at\/index.php?rest_route=\/wp\/v2\/media\/2113"}],"wp:attachment":[{"href":"https:\/\/www.radsportunion.at\/index.php?rest_route=%2Fwp%2Fv2%2Fmedia&parent=2110"}],"wp:term":[{"taxonomy":"category","embeddable":true,"href":"https:\/\/www.radsportunion.at\/index.php?rest_route=%2Fwp%2Fv2%2Fcategories&post=2110"},{"taxonomy":"post_tag","embeddable":true,"href":"https:\/\/www.radsportunion.at\/index.php?rest_route=%2Fwp%2Fv2%2Ftags&post=2110"}],"curies":[{"name":"wp","href":"https:\/\/api.w.org\/{rel}","templated":true}]}}