{"id":3614,"date":"2022-07-03T20:35:00","date_gmt":"2022-07-03T19:35:00","guid":{"rendered":"https:\/\/www.radsportunion.at\/?p=3614"},"modified":"2022-07-11T20:44:21","modified_gmt":"2022-07-11T19:44:21","slug":"vereinsausfahrt-nr-4","status":"publish","type":"post","link":"https:\/\/www.radsportunion.at\/?p=3614","title":{"rendered":"Vereinsausfahrt Nr. 4"},"content":{"rendered":"\n<p>Der vergangene Sonntag war der 3. Juli, was bedeute, dass wie vereinbart (jeden ersten Sonntag im Monat) wieder eine gemeinsame Vereinsausfahrt stattgefunden hat. Bei herrlichem Wetter ging es zu elft vom Hauptplatz aus Richtung S\u00fcdwesten. Neben den \u00fcblichen Verd\u00e4chtigen waren auch Bert und Michael Haydn zum ersten Mal bei der monatlichen Vereinsausfahrt dabei und auch Laszlo, zwar noch kein Vereinsmitglied schnupperte aber mal ins gemeinsame Rennradfahren hinein. Nachdem der Gro\u00dfteil der Gruppe die kurze Strecke des ehemaligen St. P\u00f6ltner Radmarathons in Angriff nahm, fuhren schon einige vor zum Caf\u00e9 CupBibino in Wilhelmsburg, um sich die m\u00fchseligen H\u00f6henmeter ersparen zu k\u00f6nnen. F\u00fcr alle anderen ging es nach der Wetterlucke und Luft noch zum Anstieg am Plambacheck nachdem sich dann die zwei Gruppen zum Einkehren zusammentrafen. Anschlie\u00dfend ging es entlang der Traisen zur\u00fcck nach St. P\u00f6lten, wo die gemeinsame Ausfahrt f\u00fcr alle aus Nieder\u00f6sterreich vorbei war. Die zwei Wiener Bernhard und Caspar nahmen den Heimweg zur\u00fcck nach Wien dann noch mit dem Rad in Angriff.<\/p>\n\n\n\n<figure class=\"wp-block-gallery columns-3 is-cropped wp-block-gallery-1 is-layout-flex wp-block-gallery-is-layout-flex\"><ul class=\"blocks-gallery-grid\"><li class=\"blocks-gallery-item\"><figure><img loading=\"lazy\" decoding=\"async\" width=\"1024\" height=\"768\" src=\"https:\/\/www.radsportunion.at\/wp-content\/photo_2022-07-11-21.34.09-1024x768.jpeg\" alt=\"\" data-id=\"3626\" data-full-url=\"https:\/\/www.radsportunion.at\/wp-content\/photo_2022-07-11-21.34.09.jpeg\" data-link=\"https:\/\/www.radsportunion.at\/?attachment_id=3626\" class=\"wp-image-3626\" srcset=\"https:\/\/www.radsportunion.at\/wp-content\/photo_2022-07-11-21.34.09-1024x768.jpeg 1024w, https:\/\/www.radsportunion.at\/wp-content\/photo_2022-07-11-21.34.09-600x450.jpeg 600w, https:\/\/www.radsportunion.at\/wp-content\/photo_2022-07-11-21.34.09-768x576.jpeg 768w, https:\/\/www.radsportunion.at\/wp-content\/photo_2022-07-11-21.34.09.jpeg 1280w\" sizes=\"auto, (max-width: 1024px) 100vw, 1024px\" \/><\/figure><\/li><li class=\"blocks-gallery-item\"><figure><img loading=\"lazy\" decoding=\"async\" width=\"1024\" height=\"768\" src=\"https:\/\/www.radsportunion.at\/wp-content\/photo_2022-07-11-21.34.14-1024x768.jpeg\" alt=\"\" data-id=\"3628\" data-full-url=\"https:\/\/www.radsportunion.at\/wp-content\/photo_2022-07-11-21.34.14.jpeg\" data-link=\"https:\/\/www.radsportunion.at\/?attachment_id=3628\" class=\"wp-image-3628\" srcset=\"https:\/\/www.radsportunion.at\/wp-content\/photo_2022-07-11-21.34.14-1024x768.jpeg 1024w, https:\/\/www.radsportunion.at\/wp-content\/photo_2022-07-11-21.34.14-600x450.jpeg 600w, https:\/\/www.radsportunion.at\/wp-content\/photo_2022-07-11-21.34.14-768x576.jpeg 768w, https:\/\/www.radsportunion.at\/wp-content\/photo_2022-07-11-21.34.14.jpeg 1280w\" sizes=\"auto, (max-width: 1024px) 100vw, 1024px\" \/><\/figure><\/li><li class=\"blocks-gallery-item\"><figure><img loading=\"lazy\" decoding=\"async\" width=\"1024\" height=\"768\" src=\"https:\/\/www.radsportunion.at\/wp-content\/photo_2022-07-11-21.34.06-1024x768.jpeg\" alt=\"\" data-id=\"3625\" data-full-url=\"https:\/\/www.radsportunion.at\/wp-content\/photo_2022-07-11-21.34.06.jpeg\" data-link=\"https:\/\/www.radsportunion.at\/?attachment_id=3625\" class=\"wp-image-3625\" srcset=\"https:\/\/www.radsportunion.at\/wp-content\/photo_2022-07-11-21.34.06-1024x768.jpeg 1024w, https:\/\/www.radsportunion.at\/wp-content\/photo_2022-07-11-21.34.06-600x450.jpeg 600w, https:\/\/www.radsportunion.at\/wp-content\/photo_2022-07-11-21.34.06-768x576.jpeg 768w, https:\/\/www.radsportunion.at\/wp-content\/photo_2022-07-11-21.34.06.jpeg 1280w\" sizes=\"auto, (max-width: 1024px) 100vw, 1024px\" \/><\/figure><\/li><li class=\"blocks-gallery-item\"><figure><img loading=\"lazy\" decoding=\"async\" width=\"1024\" height=\"768\" src=\"https:\/\/www.radsportunion.at\/wp-content\/photo_2022-07-11-21.33.43-1024x768.jpeg\" alt=\"\" data-id=\"3622\" data-full-url=\"https:\/\/www.radsportunion.at\/wp-content\/photo_2022-07-11-21.33.43.jpeg\" data-link=\"https:\/\/www.radsportunion.at\/?attachment_id=3622\" class=\"wp-image-3622\" srcset=\"https:\/\/www.radsportunion.at\/wp-content\/photo_2022-07-11-21.33.43-1024x768.jpeg 1024w, https:\/\/www.radsportunion.at\/wp-content\/photo_2022-07-11-21.33.43-600x450.jpeg 600w, https:\/\/www.radsportunion.at\/wp-content\/photo_2022-07-11-21.33.43-768x576.jpeg 768w, https:\/\/www.radsportunion.at\/wp-content\/photo_2022-07-11-21.33.43.jpeg 1280w\" sizes=\"auto, (max-width: 1024px) 100vw, 1024px\" \/><\/figure><\/li><li class=\"blocks-gallery-item\"><figure><img loading=\"lazy\" decoding=\"async\" width=\"1024\" height=\"768\" src=\"https:\/\/www.radsportunion.at\/wp-content\/photo_2022-07-11-21.33.23-1024x768.jpeg\" alt=\"\" data-id=\"3615\" data-full-url=\"https:\/\/www.radsportunion.at\/wp-content\/photo_2022-07-11-21.33.23.jpeg\" data-link=\"https:\/\/www.radsportunion.at\/?attachment_id=3615\" class=\"wp-image-3615\" srcset=\"https:\/\/www.radsportunion.at\/wp-content\/photo_2022-07-11-21.33.23-1024x768.jpeg 1024w, https:\/\/www.radsportunion.at\/wp-content\/photo_2022-07-11-21.33.23-600x450.jpeg 600w, https:\/\/www.radsportunion.at\/wp-content\/photo_2022-07-11-21.33.23-768x576.jpeg 768w, https:\/\/www.radsportunion.at\/wp-content\/photo_2022-07-11-21.33.23.jpeg 1280w\" sizes=\"auto, (max-width: 1024px) 100vw, 1024px\" \/><\/figure><\/li><li class=\"blocks-gallery-item\"><figure><img loading=\"lazy\" decoding=\"async\" width=\"1024\" height=\"768\" src=\"https:\/\/www.radsportunion.at\/wp-content\/photo_2022-07-11-21.33.27-1024x768.jpeg\" alt=\"\" data-id=\"3616\" data-full-url=\"https:\/\/www.radsportunion.at\/wp-content\/photo_2022-07-11-21.33.27.jpeg\" data-link=\"https:\/\/www.radsportunion.at\/?attachment_id=3616\" class=\"wp-image-3616\" srcset=\"https:\/\/www.radsportunion.at\/wp-content\/photo_2022-07-11-21.33.27-1024x768.jpeg 1024w, https:\/\/www.radsportunion.at\/wp-content\/photo_2022-07-11-21.33.27-600x450.jpeg 600w, https:\/\/www.radsportunion.at\/wp-content\/photo_2022-07-11-21.33.27-768x576.jpeg 768w, https:\/\/www.radsportunion.at\/wp-content\/photo_2022-07-11-21.33.27.jpeg 1280w\" sizes=\"auto, (max-width: 1024px) 100vw, 1024px\" \/><\/figure><\/li><li class=\"blocks-gallery-item\"><figure><img loading=\"lazy\" decoding=\"async\" width=\"768\" height=\"1024\" src=\"https:\/\/www.radsportunion.at\/wp-content\/photo_2022-07-11-21.33.36-768x1024.jpeg\" alt=\"\" data-id=\"3620\" data-full-url=\"https:\/\/www.radsportunion.at\/wp-content\/photo_2022-07-11-21.33.36.jpeg\" data-link=\"https:\/\/www.radsportunion.at\/?attachment_id=3620\" class=\"wp-image-3620\" srcset=\"https:\/\/www.radsportunion.at\/wp-content\/photo_2022-07-11-21.33.36-768x1024.jpeg 768w, https:\/\/www.radsportunion.at\/wp-content\/photo_2022-07-11-21.33.36-450x600.jpeg 450w, https:\/\/www.radsportunion.at\/wp-content\/photo_2022-07-11-21.33.36.jpeg 960w\" sizes=\"auto, (max-width: 768px) 100vw, 768px\" \/><\/figure><\/li><li class=\"blocks-gallery-item\"><figure><img loading=\"lazy\" decoding=\"async\" width=\"1024\" height=\"768\" src=\"https:\/\/www.radsportunion.at\/wp-content\/photo_2022-07-11-21.33.30-1024x768.jpeg\" alt=\"\" data-id=\"3617\" data-full-url=\"https:\/\/www.radsportunion.at\/wp-content\/photo_2022-07-11-21.33.30.jpeg\" data-link=\"https:\/\/www.radsportunion.at\/?attachment_id=3617\" class=\"wp-image-3617\" srcset=\"https:\/\/www.radsportunion.at\/wp-content\/photo_2022-07-11-21.33.30-1024x768.jpeg 1024w, https:\/\/www.radsportunion.at\/wp-content\/photo_2022-07-11-21.33.30-600x450.jpeg 600w, https:\/\/www.radsportunion.at\/wp-content\/photo_2022-07-11-21.33.30-768x576.jpeg 768w, https:\/\/www.radsportunion.at\/wp-content\/photo_2022-07-11-21.33.30.jpeg 1280w\" sizes=\"auto, (max-width: 1024px) 100vw, 1024px\" \/><\/figure><\/li><li class=\"blocks-gallery-item\"><figure><img loading=\"lazy\" decoding=\"async\" width=\"768\" height=\"1024\" src=\"https:\/\/www.radsportunion.at\/wp-content\/photo_2022-07-11-21.33.40-768x1024.jpeg\" alt=\"\" data-id=\"3621\" data-full-url=\"https:\/\/www.radsportunion.at\/wp-content\/photo_2022-07-11-21.33.40.jpeg\" data-link=\"https:\/\/www.radsportunion.at\/?attachment_id=3621\" class=\"wp-image-3621\" srcset=\"https:\/\/www.radsportunion.at\/wp-content\/photo_2022-07-11-21.33.40-768x1024.jpeg 768w, https:\/\/www.radsportunion.at\/wp-content\/photo_2022-07-11-21.33.40-450x600.jpeg 450w, https:\/\/www.radsportunion.at\/wp-content\/photo_2022-07-11-21.33.40.jpeg 960w\" sizes=\"auto, (max-width: 768px) 100vw, 768px\" \/><\/figure><\/li><li class=\"blocks-gallery-item\"><figure><img loading=\"lazy\" decoding=\"async\" width=\"1024\" height=\"768\" src=\"https:\/\/www.radsportunion.at\/wp-content\/photo_2022-07-11-21.34.12-1024x768.jpeg\" alt=\"\" data-id=\"3627\" data-full-url=\"https:\/\/www.radsportunion.at\/wp-content\/photo_2022-07-11-21.34.12.jpeg\" data-link=\"https:\/\/www.radsportunion.at\/?attachment_id=3627\" class=\"wp-image-3627\" srcset=\"https:\/\/www.radsportunion.at\/wp-content\/photo_2022-07-11-21.34.12-1024x768.jpeg 1024w, https:\/\/www.radsportunion.at\/wp-content\/photo_2022-07-11-21.34.12-600x450.jpeg 600w, https:\/\/www.radsportunion.at\/wp-content\/photo_2022-07-11-21.34.12-768x576.jpeg 768w, https:\/\/www.radsportunion.at\/wp-content\/photo_2022-07-11-21.34.12.jpeg 1280w\" sizes=\"auto, (max-width: 1024px) 100vw, 1024px\" \/><\/figure><\/li><\/ul><\/figure>\n","protected":false},"excerpt":{"rendered":"<p>Der vergangene Sonntag war der 3. Juli, was bedeute, dass wie vereinbart (jeden ersten Sonntag im Monat) wieder eine gemeinsame Vereinsausfahrt stattgefunden hat. Bei herrlichem Wetter ging es zu elft vom Hauptplatz aus Richtung S\u00fcdwesten. Neben den \u00fcblichen Verd\u00e4chtigen waren auch Bert und Michael Haydn zum ersten Mal bei der monatlichen Vereinsausfahrt dabei und auch [&hellip;]<\/p>\n","protected":false},"author":7,"featured_media":3617,"comment_status":"closed","ping_status":"open","sticky":false,"template":"","format":"standard","meta":{"footnotes":""},"categories":[4],"tags":[],"class_list":["post-3614","post","type-post","status-publish","format-standard","has-post-thumbnail","hentry","category-verein"],"_links":{"self":[{"href":"https:\/\/www.radsportunion.at\/index.php?rest_route=\/wp\/v2\/posts\/3614","targetHints":{"allow":["GET"]}}],"collection":[{"href":"https:\/\/www.radsportunion.at\/index.php?rest_route=\/wp\/v2\/posts"}],"about":[{"href":"https:\/\/www.radsportunion.at\/index.php?rest_route=\/wp\/v2\/types\/post"}],"author":[{"embeddable":true,"href":"https:\/\/www.radsportunion.at\/index.php?rest_route=\/wp\/v2\/users\/7"}],"replies":[{"embeddable":true,"href":"https:\/\/www.radsportunion.at\/index.php?rest_route=%2Fwp%2Fv2%2Fcomments&post=3614"}],"version-history":[{"count":1,"href":"https:\/\/www.radsportunion.at\/index.php?rest_route=\/wp\/v2\/posts\/3614\/revisions"}],"predecessor-version":[{"id":3629,"href":"https:\/\/www.radsportunion.at\/index.php?rest_route=\/wp\/v2\/posts\/3614\/revisions\/3629"}],"wp:featuredmedia":[{"embeddable":true,"href":"https:\/\/www.radsportunion.at\/index.php?rest_route=\/wp\/v2\/media\/3617"}],"wp:attachment":[{"href":"https:\/\/www.radsportunion.at\/index.php?rest_route=%2Fwp%2Fv2%2Fmedia&parent=3614"}],"wp:term":[{"taxonomy":"category","embeddable":true,"href":"https:\/\/www.radsportunion.at\/index.php?rest_route=%2Fwp%2Fv2%2Fcategories&post=3614"},{"taxonomy":"post_tag","embeddable":true,"href":"https:\/\/www.radsportunion.at\/index.php?rest_route=%2Fwp%2Fv2%2Ftags&post=3614"}],"curies":[{"name":"wp","href":"https:\/\/api.w.org\/{rel}","templated":true}]}}