{"id":909,"date":"2018-03-13T10:43:24","date_gmt":"2018-03-13T09:43:24","guid":{"rendered":"http:\/\/www.radsportunion.at\/?p=909"},"modified":"2018-03-13T10:53:49","modified_gmt":"2018-03-13T09:53:49","slug":"neue-dressen","status":"publish","type":"post","link":"https:\/\/www.radsportunion.at\/?p=909","title":{"rendered":"neue Dressen"},"content":{"rendered":"<p>In den letzten Tagen konnte man sie schon das erste mal live sehen &#8211; die AthletenInnen der RadsportUNION in ihren neuen Dressen.<br \/>\nAngelehnt an das bisherige Design mit den orangen Streifen wurde ein moderne klare Designl\u00f6sung f\u00fcr die neue Funktionsw\u00e4sche erstellt. Neben den klassischen Ausstattungen wie kurze Hose und Trikot, wurde vor allem f\u00fcr die CX Fahrer spezielle Cyclocrossanz\u00fcge, lange Trikots und Softshelljacken angeschafft.<\/p>\n<p>&nbsp;<\/p>\n<p>&nbsp;<\/p>\n<p>&nbsp;<\/p>\n<p>&nbsp;<\/p>\n<p>&nbsp;<\/p>\n<p>&nbsp;<\/p>\n<p>&nbsp;<\/p>\n<p>&nbsp;<\/p>\n<div id='gallery-1' class='gallery galleryid-909 gallery-columns-3 gallery-size-thumbnail'><figure class='gallery-item'>\n\t\t\t<div class='gallery-icon landscape'>\n\t\t\t\t<a href='https:\/\/www.radsportunion.at\/wp-content\/c173fc61-8704-40de-898d-58f627a9d338.jpg'><img loading=\"lazy\" decoding=\"async\" width=\"150\" height=\"150\" src=\"https:\/\/www.radsportunion.at\/wp-content\/c173fc61-8704-40de-898d-58f627a9d338-150x150.jpg\" class=\"attachment-thumbnail size-thumbnail\" alt=\"\" \/><\/a>\n\t\t\t<\/div><\/figure><figure class='gallery-item'>\n\t\t\t<div class='gallery-icon landscape'>\n\t\t\t\t<a href='https:\/\/www.radsportunion.at\/wp-content\/ee97f293-437d-44a6-a1d4-89fe7d452903.jpg'><img loading=\"lazy\" decoding=\"async\" width=\"150\" height=\"150\" src=\"https:\/\/www.radsportunion.at\/wp-content\/ee97f293-437d-44a6-a1d4-89fe7d452903-150x150.jpg\" class=\"attachment-thumbnail size-thumbnail\" alt=\"\" \/><\/a>\n\t\t\t<\/div><\/figure><figure class='gallery-item'>\n\t\t\t<div class='gallery-icon portrait'>\n\t\t\t\t<a href='https:\/\/www.radsportunion.at\/wp-content\/d5d9d447-7fb4-4d31-b672-6286afcc57cc.jpg'><img loading=\"lazy\" decoding=\"async\" width=\"150\" height=\"150\" src=\"https:\/\/www.radsportunion.at\/wp-content\/d5d9d447-7fb4-4d31-b672-6286afcc57cc-150x150.jpg\" class=\"attachment-thumbnail size-thumbnail\" alt=\"\" \/><\/a>\n\t\t\t<\/div><\/figure>\n\t\t<\/div>\n\n","protected":false},"excerpt":{"rendered":"<p>In den letzten Tagen konnte man sie schon das erste mal live sehen &#8211; die AthletenInnen der RadsportUNION in ihren neuen Dressen. Angelehnt an das bisherige Design mit den orangen Streifen wurde ein moderne klare Designl\u00f6sung f\u00fcr die neue Funktionsw\u00e4sche erstellt. Neben den klassischen Ausstattungen wie kurze Hose und Trikot, wurde vor allem f\u00fcr die [&hellip;]<\/p>\n","protected":false},"author":1,"featured_media":917,"comment_status":"closed","ping_status":"open","sticky":false,"template":"","format":"standard","meta":{"footnotes":""},"categories":[4],"tags":[],"class_list":["post-909","post","type-post","status-publish","format-standard","has-post-thumbnail","hentry","category-verein"],"_links":{"self":[{"href":"https:\/\/www.radsportunion.at\/index.php?rest_route=\/wp\/v2\/posts\/909","targetHints":{"allow":["GET"]}}],"collection":[{"href":"https:\/\/www.radsportunion.at\/index.php?rest_route=\/wp\/v2\/posts"}],"about":[{"href":"https:\/\/www.radsportunion.at\/index.php?rest_route=\/wp\/v2\/types\/post"}],"author":[{"embeddable":true,"href":"https:\/\/www.radsportunion.at\/index.php?rest_route=\/wp\/v2\/users\/1"}],"replies":[{"embeddable":true,"href":"https:\/\/www.radsportunion.at\/index.php?rest_route=%2Fwp%2Fv2%2Fcomments&post=909"}],"version-history":[{"count":7,"href":"https:\/\/www.radsportunion.at\/index.php?rest_route=\/wp\/v2\/posts\/909\/revisions"}],"predecessor-version":[{"id":921,"href":"https:\/\/www.radsportunion.at\/index.php?rest_route=\/wp\/v2\/posts\/909\/revisions\/921"}],"wp:featuredmedia":[{"embeddable":true,"href":"https:\/\/www.radsportunion.at\/index.php?rest_route=\/wp\/v2\/media\/917"}],"wp:attachment":[{"href":"https:\/\/www.radsportunion.at\/index.php?rest_route=%2Fwp%2Fv2%2Fmedia&parent=909"}],"wp:term":[{"taxonomy":"category","embeddable":true,"href":"https:\/\/www.radsportunion.at\/index.php?rest_route=%2Fwp%2Fv2%2Fcategories&post=909"},{"taxonomy":"post_tag","embeddable":true,"href":"https:\/\/www.radsportunion.at\/index.php?rest_route=%2Fwp%2Fv2%2Ftags&post=909"}],"curies":[{"name":"wp","href":"https:\/\/api.w.org\/{rel}","templated":true}]}}